{"id":204,"date":"2023-07-12T00:16:52","date_gmt":"2023-07-12T03:16:52","guid":{"rendered":"https:\/\/imaginart.com.br\/blog\/?p=204"},"modified":"2023-08-02T09:00:07","modified_gmt":"2023-08-02T12:00:07","slug":"5-dicas-para-a-criacao-de-uma-identidade-visual","status":"publish","type":"post","link":"https:\/\/imaginart.com.br\/blog\/5-dicas-para-a-criacao-de-uma-identidade-visual\/","title":{"rendered":"5 dicas para a cria\u00e7\u00e3o de uma identidade visual"},"content":{"rendered":"\n<p>Com as informa\u00e7\u00f5es chegando cada vez mais r\u00e1pido, o visual das marcas \u00e9 o que nos prende em primeiro lugar. Investir, estudar e se dedicar \u00e0 identidade visual pode ser revolucion\u00e1rio para os seus resultados. Separamos algumas dicas para voc\u00ea criar a sua. Acompanhe!<\/p>\n\n\n\n<p>Esse trabalho vai muito al\u00e9m de uma escolha gr\u00e1fica ou de determinada combina\u00e7\u00e3o de cores. Como o pr\u00f3prio nome diz, trata-se de transmitir toda a identidade da empresa, todo o conceito e a proposta caracter\u00edstica da marca e dos seus produtos ou servi\u00e7os. Para atingir esse objetivo, \u00e9 preciso ter aten\u00e7\u00e3o a alguns fatores durante a cria\u00e7\u00e3o.<\/p>\n\n\n\n<h3 class=\"wp-block-heading\"><strong>Di\u00e1logo com o P\u00fablico-alvo<\/strong><\/h3>\n\n\n\n<p>Um dos primeiros passos \u00e9 definir muito bem o p\u00fablico-alvo e a(s) persona(s). Afinal, um p\u00fablico conservador e mais t\u00e9cnico pede uma abordagem est\u00e9tica e visual bem diferente de um p\u00fablico mais jovem focado em moda, por exemplo.<\/p>\n\n\n\n<p>Ent\u00e3o a identidade visual da empresa deve representar a simbiose necess\u00e1ria entre os conceitos e valores da organiza\u00e7\u00e3o e a personalidade dos clientes em potencial que compartilham dos mesmos.<\/p>\n\n\n\n<h3 class=\"wp-block-heading\"><strong>Consist\u00eancia na Identidade Visual<\/strong><\/h3>\n\n\n\n<p>\u00c9 fundamental pensar em um visual que possa estar sempre presente em qualquer formato de divulga\u00e7\u00e3o utilizado pela marca. Deve ser criado de forma que seja facilmente e instantaneamente identificado pelos clientes, tanto nas redes sociais quanto em e-mails ou cart\u00f5es f\u00edsicos e brindes.<\/p>\n\n\n\n<p>Tudo que \u00e9 consistente e coerente denota profissionalismo, compromisso com o cliente e seriedade. Cada detalhe importa e ser\u00e1 notado.<\/p>\n\n\n\n<h3 class=\"wp-block-heading\"><strong>Destaque-se!<\/strong><\/h3>\n\n\n\n<p>Seja original. Mais do mesmo dificilmente prende a aten\u00e7\u00e3o de algu\u00e9m. A personalidade da marca deve estar presente em todas as modalidades de apresenta\u00e7\u00e3o e, a partir da\u00ed, \u00e9 poss\u00edvel ser criativo incluindo detalhes caracter\u00edsticos de formas diferentes e at\u00e9 mesmo divertidas.<\/p>\n\n\n\n<p>Desenvolver estrat\u00e9gias tamb\u00e9m inclui chamar a aten\u00e7\u00e3o de forma inteligente e r\u00e1pida brincando com o visual. O ideal \u00e9 ter uma equipe de profissionais capacitados em design e marketing digital.<\/p>\n\n\n\n<h3 class=\"wp-block-heading\"><strong>Organiza\u00e7\u00e3o e Objetividade<\/strong><\/h3>\n\n\n\n<p>Sabemos que nada funciona adequadamente, nada traz resultados positivos, sem organiza\u00e7\u00e3o, n\u00e3o \u00e9?<\/p>\n\n\n\n<p>Com a cria\u00e7\u00e3o da identidade visual n\u00e3o seria diferente. Organize um briefing para que todos estejam devidamente orientados. Como a identidade visual precisa de tempo para se consolidar, \u00e9 essencial que n\u00e3o se perca o foco.<\/p>\n\n\n\n<p>Pelo mesmo motivo \u00e9 preciso ter aten\u00e7\u00e3o a alguns detalhes, como:<\/p>\n\n\n\n<ul class=\"wp-block-list\">\n<li><strong>Clareza:<\/strong> tenha sempre muito cuidado com a polui\u00e7\u00e3o visual que pode ocorrer com o excesso de cores e efeitos.<\/li>\n\n\n\n<li><strong>Tipografia:<\/strong> cuidado com o estilo da fonte dos textos, palavras em excesso, linguagem incoerente, etc.<\/li>\n\n\n\n<li><strong>Refer\u00eancias:<\/strong> como em qualquer estudo, busque refer\u00eancias de qualidade e bem criadas. Aprenda com quem soube exatamente como atingir objetivos incr\u00edveis!<\/li>\n<\/ul>\n\n\n\n<h3 class=\"wp-block-heading\"><strong>Identidade Visual: Investimento Revolucion\u00e1rio<\/strong><\/h3>\n\n\n\n<p>Voc\u00ea quer estabelecer uma reputa\u00e7\u00e3o no mercado? Ser lembrado constantemente pelos clientes atuais e potenciais? Busque toda a assist\u00eancia que puder e invista na identidade visual sem medo.<\/p>\n\n\n\n<p>Ter uma equipe especializada em marketing digital auxiliando o seu projeto desde o in\u00edcio e abarcando todos esses detalhes ser\u00e1 o diferencial que voc\u00ea estava procurando.<\/p>\n\n\n\n<p>A <strong>Ag\u00eancia<\/strong> <strong>Imaginart<\/strong> tem experi\u00eancia de 20 anos no mercado e conta com estrat\u00e9gias personalizadas para os seus objetivos. Fa\u00e7a um <a href=\"https:\/\/imaginart.com.br\/contato\"><strong>diagn\u00f3stico<\/strong><\/a> agora mesmo e comece a sua hist\u00f3ria de sucesso!<\/p>\n","protected":false},"excerpt":{"rendered":"<p>Com as informa\u00e7\u00f5es chegando cada vez mais r\u00e1pido, o visual das marcas \u00e9 o que nos prende em primeiro lugar. Investir, estudar e se dedicar \u00e0 identidade visual pode ser revolucion\u00e1rio para os seus resultados. Separamos algumas dicas para voc\u00ea criar a sua. Acompanhe! Esse trabalho vai muito al\u00e9m de uma escolha gr\u00e1fica ou de [&hellip;]<\/p>\n","protected":false},"author":1,"featured_media":205,"comment_status":"open","ping_status":"open","sticky":false,"template":"","format":"standard","meta":{"footnotes":""},"categories":[7],"tags":[],"class_list":["post-204","post","type-post","status-publish","format-standard","has-post-thumbnail","hentry","category-design"],"yoast_head":"<!-- This site is optimized with the Yoast SEO plugin v20.12 - https:\/\/yoast.com\/wordpress\/plugins\/seo\/ -->\n<title>5 dicas para a cria\u00e7\u00e3o de uma identidade visual - Blog Imaginart<\/title>\n<meta name=\"description\" content=\"Com as informa\u00e7\u00f5es chegando cada vez mais r\u00e1pido, o visual das marcas \u00e9 o que nos prende em primeiro lugar. Investir, estudar e se dedicar \u00e0 identidade visual pode ser revolucion\u00e1rio para os seus resultados.\" \/>\n<meta name=\"robots\" content=\"index, follow, max-snippet:-1, max-image-preview:large, max-video-preview:-1\" \/>\n<link rel=\"canonical\" href=\"https:\/\/imaginart.com.br\/blog\/5-dicas-para-a-criacao-de-uma-identidade-visual\/\" \/>\n<meta property=\"og:locale\" content=\"pt_BR\" \/>\n<meta property=\"og:type\" content=\"article\" \/>\n<meta property=\"og:title\" content=\"5 dicas para a cria\u00e7\u00e3o de uma identidade visual - Blog Imaginart\" \/>\n<meta property=\"og:description\" content=\"Com as informa\u00e7\u00f5es chegando cada vez mais r\u00e1pido, o visual das marcas \u00e9 o que nos prende em primeiro lugar. Investir, estudar e se dedicar \u00e0 identidade visual pode ser revolucion\u00e1rio para os seus resultados.\" \/>\n<meta property=\"og:url\" content=\"https:\/\/imaginart.com.br\/blog\/5-dicas-para-a-criacao-de-uma-identidade-visual\/\" \/>\n<meta property=\"og:site_name\" content=\"Blog Imaginart\" \/>\n<meta property=\"article:published_time\" content=\"2023-07-12T03:16:52+00:00\" \/>\n<meta property=\"article:modified_time\" content=\"2023-08-02T12:00:07+00:00\" \/>\n<meta property=\"og:image\" content=\"https:\/\/imaginart.com.br\/blog\/wp-content\/uploads\/2023\/07\/x-dicas-para-a-criacao-de-uma-identidade-visual.jpg\" \/>\n\t<meta property=\"og:image:width\" content=\"800\" \/>\n\t<meta property=\"og:image:height\" content=\"450\" \/>\n\t<meta property=\"og:image:type\" content=\"image\/jpeg\" \/>\n<meta name=\"author\" content=\"heromildes\" \/>\n<meta name=\"twitter:card\" content=\"summary_large_image\" \/>\n<meta name=\"twitter:label1\" content=\"Escrito por\" \/>\n\t<meta name=\"twitter:data1\" content=\"heromildes\" \/>\n\t<meta name=\"twitter:label2\" content=\"Est. tempo de leitura\" \/>\n\t<meta name=\"twitter:data2\" content=\"3 minutos\" \/>\n<script type=\"application\/ld+json\" class=\"yoast-schema-graph\">{\"@context\":\"https:\/\/schema.org\",\"@graph\":[{\"@type\":\"Article\",\"@id\":\"https:\/\/imaginart.com.br\/blog\/5-dicas-para-a-criacao-de-uma-identidade-visual\/#article\",\"isPartOf\":{\"@id\":\"https:\/\/imaginart.com.br\/blog\/5-dicas-para-a-criacao-de-uma-identidade-visual\/\"},\"author\":{\"name\":\"heromildes\",\"@id\":\"https:\/\/imaginart.com.br\/blog\/#\/schema\/person\/703a055e5b22bb5471b3eb595a896107\"},\"headline\":\"5 dicas para a cria\u00e7\u00e3o de uma identidade visual\",\"datePublished\":\"2023-07-12T03:16:52+00:00\",\"dateModified\":\"2023-08-02T12:00:07+00:00\",\"mainEntityOfPage\":{\"@id\":\"https:\/\/imaginart.com.br\/blog\/5-dicas-para-a-criacao-de-uma-identidade-visual\/\"},\"wordCount\":574,\"commentCount\":0,\"publisher\":{\"@id\":\"https:\/\/imaginart.com.br\/blog\/#organization\"},\"articleSection\":[\"Design\"],\"inLanguage\":\"pt-BR\",\"potentialAction\":[{\"@type\":\"CommentAction\",\"name\":\"Comment\",\"target\":[\"https:\/\/imaginart.com.br\/blog\/5-dicas-para-a-criacao-de-uma-identidade-visual\/#respond\"]}]},{\"@type\":\"WebPage\",\"@id\":\"https:\/\/imaginart.com.br\/blog\/5-dicas-para-a-criacao-de-uma-identidade-visual\/\",\"url\":\"https:\/\/imaginart.com.br\/blog\/5-dicas-para-a-criacao-de-uma-identidade-visual\/\",\"name\":\"5 dicas para a cria\u00e7\u00e3o de uma identidade visual - Blog Imaginart\",\"isPartOf\":{\"@id\":\"https:\/\/imaginart.com.br\/blog\/#website\"},\"datePublished\":\"2023-07-12T03:16:52+00:00\",\"dateModified\":\"2023-08-02T12:00:07+00:00\",\"description\":\"Com as informa\u00e7\u00f5es chegando cada vez mais r\u00e1pido, o visual das marcas \u00e9 o que nos prende em primeiro lugar. Investir, estudar e se dedicar \u00e0 identidade visual pode ser revolucion\u00e1rio para os seus resultados.\",\"breadcrumb\":{\"@id\":\"https:\/\/imaginart.com.br\/blog\/5-dicas-para-a-criacao-de-uma-identidade-visual\/#breadcrumb\"},\"inLanguage\":\"pt-BR\",\"potentialAction\":[{\"@type\":\"ReadAction\",\"target\":[\"https:\/\/imaginart.com.br\/blog\/5-dicas-para-a-criacao-de-uma-identidade-visual\/\"]}]},{\"@type\":\"BreadcrumbList\",\"@id\":\"https:\/\/imaginart.com.br\/blog\/5-dicas-para-a-criacao-de-uma-identidade-visual\/#breadcrumb\",\"itemListElement\":[{\"@type\":\"ListItem\",\"position\":1,\"name\":\"In\u00edcio\",\"item\":\"https:\/\/imaginart.com.br\/blog\/\"},{\"@type\":\"ListItem\",\"position\":2,\"name\":\"5 dicas para a cria\u00e7\u00e3o de uma identidade visual\"}]},{\"@type\":\"WebSite\",\"@id\":\"https:\/\/imaginart.com.br\/blog\/#website\",\"url\":\"https:\/\/imaginart.com.br\/blog\/\",\"name\":\"Blog Imaginart\",\"description\":\"\",\"publisher\":{\"@id\":\"https:\/\/imaginart.com.br\/blog\/#organization\"},\"potentialAction\":[{\"@type\":\"SearchAction\",\"target\":{\"@type\":\"EntryPoint\",\"urlTemplate\":\"https:\/\/imaginart.com.br\/blog\/?s={search_term_string}\"},\"query-input\":\"required name=search_term_string\"}],\"inLanguage\":\"pt-BR\"},{\"@type\":\"Organization\",\"@id\":\"https:\/\/imaginart.com.br\/blog\/#organization\",\"name\":\"Blog Imaginart\",\"url\":\"https:\/\/imaginart.com.br\/blog\/\",\"logo\":{\"@type\":\"ImageObject\",\"inLanguage\":\"pt-BR\",\"@id\":\"https:\/\/imaginart.com.br\/blog\/#\/schema\/logo\/image\/\",\"url\":\"https:\/\/imaginart.com.br\/blog\/wp-content\/uploads\/2023\/07\/12310552_1012375768785991_4141987425006062020_n.png\",\"contentUrl\":\"https:\/\/imaginart.com.br\/blog\/wp-content\/uploads\/2023\/07\/12310552_1012375768785991_4141987425006062020_n.png\",\"width\":600,\"height\":600,\"caption\":\"Blog Imaginart\"},\"image\":{\"@id\":\"https:\/\/imaginart.com.br\/blog\/#\/schema\/logo\/image\/\"}},{\"@type\":\"Person\",\"@id\":\"https:\/\/imaginart.com.br\/blog\/#\/schema\/person\/703a055e5b22bb5471b3eb595a896107\",\"name\":\"heromildes\",\"image\":{\"@type\":\"ImageObject\",\"inLanguage\":\"pt-BR\",\"@id\":\"https:\/\/imaginart.com.br\/blog\/#\/schema\/person\/image\/\",\"url\":\"https:\/\/imaginart.com.br\/blog\/wp-content\/litespeed\/avatar\/2fde1b96303aff6699b86fb7f593c336.jpg?ver=1777131581\",\"contentUrl\":\"https:\/\/imaginart.com.br\/blog\/wp-content\/litespeed\/avatar\/2fde1b96303aff6699b86fb7f593c336.jpg?ver=1777131581\",\"caption\":\"heromildes\"},\"sameAs\":[\"https:\/\/imaginart.com.br\/blog\"],\"url\":\"https:\/\/imaginart.com.br\/blog\/author\/heromildes\/\"}]}<\/script>\n<!-- \/ Yoast SEO plugin. -->","yoast_head_json":{"title":"5 dicas para a cria\u00e7\u00e3o de uma identidade visual - Blog Imaginart","description":"Com as informa\u00e7\u00f5es chegando cada vez mais r\u00e1pido, o visual das marcas \u00e9 o que nos prende em primeiro lugar. Investir, estudar e se dedicar \u00e0 identidade visual pode ser revolucion\u00e1rio para os seus resultados.","robots":{"index":"index","follow":"follow","max-snippet":"max-snippet:-1","max-image-preview":"max-image-preview:large","max-video-preview":"max-video-preview:-1"},"canonical":"https:\/\/imaginart.com.br\/blog\/5-dicas-para-a-criacao-de-uma-identidade-visual\/","og_locale":"pt_BR","og_type":"article","og_title":"5 dicas para a cria\u00e7\u00e3o de uma identidade visual - Blog Imaginart","og_description":"Com as informa\u00e7\u00f5es chegando cada vez mais r\u00e1pido, o visual das marcas \u00e9 o que nos prende em primeiro lugar. Investir, estudar e se dedicar \u00e0 identidade visual pode ser revolucion\u00e1rio para os seus resultados.","og_url":"https:\/\/imaginart.com.br\/blog\/5-dicas-para-a-criacao-de-uma-identidade-visual\/","og_site_name":"Blog Imaginart","article_published_time":"2023-07-12T03:16:52+00:00","article_modified_time":"2023-08-02T12:00:07+00:00","og_image":[{"width":800,"height":450,"url":"https:\/\/imaginart.com.br\/blog\/wp-content\/uploads\/2023\/07\/x-dicas-para-a-criacao-de-uma-identidade-visual.jpg","type":"image\/jpeg"}],"author":"heromildes","twitter_card":"summary_large_image","twitter_misc":{"Escrito por":"heromildes","Est. tempo de leitura":"3 minutos"},"schema":{"@context":"https:\/\/schema.org","@graph":[{"@type":"Article","@id":"https:\/\/imaginart.com.br\/blog\/5-dicas-para-a-criacao-de-uma-identidade-visual\/#article","isPartOf":{"@id":"https:\/\/imaginart.com.br\/blog\/5-dicas-para-a-criacao-de-uma-identidade-visual\/"},"author":{"name":"heromildes","@id":"https:\/\/imaginart.com.br\/blog\/#\/schema\/person\/703a055e5b22bb5471b3eb595a896107"},"headline":"5 dicas para a cria\u00e7\u00e3o de uma identidade visual","datePublished":"2023-07-12T03:16:52+00:00","dateModified":"2023-08-02T12:00:07+00:00","mainEntityOfPage":{"@id":"https:\/\/imaginart.com.br\/blog\/5-dicas-para-a-criacao-de-uma-identidade-visual\/"},"wordCount":574,"commentCount":0,"publisher":{"@id":"https:\/\/imaginart.com.br\/blog\/#organization"},"articleSection":["Design"],"inLanguage":"pt-BR","potentialAction":[{"@type":"CommentAction","name":"Comment","target":["https:\/\/imaginart.com.br\/blog\/5-dicas-para-a-criacao-de-uma-identidade-visual\/#respond"]}]},{"@type":"WebPage","@id":"https:\/\/imaginart.com.br\/blog\/5-dicas-para-a-criacao-de-uma-identidade-visual\/","url":"https:\/\/imaginart.com.br\/blog\/5-dicas-para-a-criacao-de-uma-identidade-visual\/","name":"5 dicas para a cria\u00e7\u00e3o de uma identidade visual - Blog Imaginart","isPartOf":{"@id":"https:\/\/imaginart.com.br\/blog\/#website"},"datePublished":"2023-07-12T03:16:52+00:00","dateModified":"2023-08-02T12:00:07+00:00","description":"Com as informa\u00e7\u00f5es chegando cada vez mais r\u00e1pido, o visual das marcas \u00e9 o que nos prende em primeiro lugar. Investir, estudar e se dedicar \u00e0 identidade visual pode ser revolucion\u00e1rio para os seus resultados.","breadcrumb":{"@id":"https:\/\/imaginart.com.br\/blog\/5-dicas-para-a-criacao-de-uma-identidade-visual\/#breadcrumb"},"inLanguage":"pt-BR","potentialAction":[{"@type":"ReadAction","target":["https:\/\/imaginart.com.br\/blog\/5-dicas-para-a-criacao-de-uma-identidade-visual\/"]}]},{"@type":"BreadcrumbList","@id":"https:\/\/imaginart.com.br\/blog\/5-dicas-para-a-criacao-de-uma-identidade-visual\/#breadcrumb","itemListElement":[{"@type":"ListItem","position":1,"name":"In\u00edcio","item":"https:\/\/imaginart.com.br\/blog\/"},{"@type":"ListItem","position":2,"name":"5 dicas para a cria\u00e7\u00e3o de uma identidade visual"}]},{"@type":"WebSite","@id":"https:\/\/imaginart.com.br\/blog\/#website","url":"https:\/\/imaginart.com.br\/blog\/","name":"Blog Imaginart","description":"","publisher":{"@id":"https:\/\/imaginart.com.br\/blog\/#organization"},"potentialAction":[{"@type":"SearchAction","target":{"@type":"EntryPoint","urlTemplate":"https:\/\/imaginart.com.br\/blog\/?s={search_term_string}"},"query-input":"required name=search_term_string"}],"inLanguage":"pt-BR"},{"@type":"Organization","@id":"https:\/\/imaginart.com.br\/blog\/#organization","name":"Blog Imaginart","url":"https:\/\/imaginart.com.br\/blog\/","logo":{"@type":"ImageObject","inLanguage":"pt-BR","@id":"https:\/\/imaginart.com.br\/blog\/#\/schema\/logo\/image\/","url":"https:\/\/imaginart.com.br\/blog\/wp-content\/uploads\/2023\/07\/12310552_1012375768785991_4141987425006062020_n.png","contentUrl":"https:\/\/imaginart.com.br\/blog\/wp-content\/uploads\/2023\/07\/12310552_1012375768785991_4141987425006062020_n.png","width":600,"height":600,"caption":"Blog Imaginart"},"image":{"@id":"https:\/\/imaginart.com.br\/blog\/#\/schema\/logo\/image\/"}},{"@type":"Person","@id":"https:\/\/imaginart.com.br\/blog\/#\/schema\/person\/703a055e5b22bb5471b3eb595a896107","name":"heromildes","image":{"@type":"ImageObject","inLanguage":"pt-BR","@id":"https:\/\/imaginart.com.br\/blog\/#\/schema\/person\/image\/","url":"https:\/\/imaginart.com.br\/blog\/wp-content\/litespeed\/avatar\/2fde1b96303aff6699b86fb7f593c336.jpg?ver=1777131581","contentUrl":"https:\/\/imaginart.com.br\/blog\/wp-content\/litespeed\/avatar\/2fde1b96303aff6699b86fb7f593c336.jpg?ver=1777131581","caption":"heromildes"},"sameAs":["https:\/\/imaginart.com.br\/blog"],"url":"https:\/\/imaginart.com.br\/blog\/author\/heromildes\/"}]}},"_links":{"self":[{"href":"https:\/\/imaginart.com.br\/blog\/wp-json\/wp\/v2\/posts\/204","targetHints":{"allow":["GET"]}}],"collection":[{"href":"https:\/\/imaginart.com.br\/blog\/wp-json\/wp\/v2\/posts"}],"about":[{"href":"https:\/\/imaginart.com.br\/blog\/wp-json\/wp\/v2\/types\/post"}],"author":[{"embeddable":true,"href":"https:\/\/imaginart.com.br\/blog\/wp-json\/wp\/v2\/users\/1"}],"replies":[{"embeddable":true,"href":"https:\/\/imaginart.com.br\/blog\/wp-json\/wp\/v2\/comments?post=204"}],"version-history":[{"count":1,"href":"https:\/\/imaginart.com.br\/blog\/wp-json\/wp\/v2\/posts\/204\/revisions"}],"predecessor-version":[{"id":456,"href":"https:\/\/imaginart.com.br\/blog\/wp-json\/wp\/v2\/posts\/204\/revisions\/456"}],"wp:featuredmedia":[{"embeddable":true,"href":"https:\/\/imaginart.com.br\/blog\/wp-json\/wp\/v2\/media\/205"}],"wp:attachment":[{"href":"https:\/\/imaginart.com.br\/blog\/wp-json\/wp\/v2\/media?parent=204"}],"wp:term":[{"taxonomy":"category","embeddable":true,"href":"https:\/\/imaginart.com.br\/blog\/wp-json\/wp\/v2\/categories?post=204"},{"taxonomy":"post_tag","embeddable":true,"href":"https:\/\/imaginart.com.br\/blog\/wp-json\/wp\/v2\/tags?post=204"}],"curies":[{"name":"wp","href":"https:\/\/api.w.org\/{rel}","templated":true}]}}